{"id":6012,"date":"2024-07-18T13:09:16","date_gmt":"2024-07-18T12:09:16","guid":{"rendered":"https:\/\/www.emvico.se\/?p=6012"},"modified":"2024-11-14T13:10:20","modified_gmt":"2024-11-14T12:10:20","slug":"vad-ar-en-professionell-utvecklare","status":"publish","type":"post","link":"https:\/\/www.emvico.se\/en\/articles\/vad-ar-en-professionell-utvecklare\/","title":{"rendered":"What is a professional developer?"},"content":{"rendered":"<p>What does it mean to be a professional developer?<\/p>\n\n\n\n<p>We want to summarize it like this:<\/p>\n\n\n\n<ul class=\"wp-block-list\">\n<li>Clarity and understanding: A good developer understands purpose and target image - that is: why something should be built.<\/li>\n\n\n\n<li>Flexibility with specifications: A professional developer accepts that specifications may be limited and fills in the gaps by asking questions, chasing people, and testing theses with the client.<\/li>\n\n\n\n<li>Prioritization and balance: A professional developer understands that factors such as time and budget are just as important as code quality. They know when they need to lower the quality bar to meet an important time goal and if necessary create a technical debt that can be fixed later.<\/li>\n<\/ul>\n\n\n\n<p>Finding professional developers is not always easy and often requires mentoring, as it can be interpreted as doing a poor job, when it's really about balancing different demands and expectations in a professional way. Do you agree?<\/p>","protected":false},"excerpt":{"rendered":"<p>Vad inneb\u00e4r det att vara en professionell utvecklare? Vi vill sammanfatta det s\u00e5 h\u00e4r: Att hitta professionella utvecklare \u00e4r inte alltid l\u00e4tt och kr\u00e4ver ofta mentorskap, eftersom det kan tolkas som att g\u00f6ra ett d\u00e5ligt arbete, n\u00e4r det egentligen handlar om att balansera olika krav och f\u00f6rv\u00e4ntningar p\u00e5 ett professionellt s\u00e4tt. H\u00e5ller ni med?<\/p>","protected":false},"author":3,"featured_media":6015,"comment_status":"closed","ping_status":"closed","sticky":false,"template":"","format":"standard","meta":{"_et_pb_use_builder":"","_et_pb_old_content":"","_et_gb_content_width":"","inline_featured_image":false,"footnotes":""},"categories":[11],"tags":[],"class_list":["post-6012","post","type-post","status-publish","format-standard","has-post-thumbnail","hentry","category-articles"],"yoast_head":"<!-- This site is optimized with the Yoast SEO plugin v27.3 - https:\/\/yoast.com\/product\/yoast-seo-wordpress\/ -->\n<title>Vad k\u00e4nnetecknar en professionell utvecklare i dagens IT-bransch?<\/title>\n<meta name=\"description\" content=\"En professionell utvecklare balanserar kvalitet, tid och budget. L\u00e4s om de f\u00e4rdigheter som g\u00f6r en utvecklare till en sann expert.\" \/>\n<meta name=\"robots\" content=\"index, follow, max-snippet:-1, max-image-preview:large, max-video-preview:-1\" \/>\n<link rel=\"canonical\" href=\"https:\/\/www.emvico.se\/en\/articles\/vad-ar-en-professionell-utvecklare\/\" \/>\n<meta property=\"og:locale\" content=\"en_US\" \/>\n<meta property=\"og:type\" content=\"article\" \/>\n<meta property=\"og:title\" content=\"Vad k\u00e4nnetecknar en professionell utvecklare i dagens IT-bransch?\" \/>\n<meta property=\"og:description\" content=\"En professionell utvecklare balanserar kvalitet, tid och budget. L\u00e4s om de f\u00e4rdigheter som g\u00f6r en utvecklare till en sann expert.\" \/>\n<meta property=\"og:url\" content=\"https:\/\/www.emvico.se\/en\/articles\/vad-ar-en-professionell-utvecklare\/\" \/>\n<meta property=\"article:published_time\" content=\"2024-07-18T12:09:16+00:00\" \/>\n<meta property=\"article:modified_time\" content=\"2024-11-14T12:10:20+00:00\" \/>\n<meta property=\"og:image\" content=\"https:\/\/www.emvico.se\/wp-content\/uploads\/2024\/11\/article_two_people.jpg\" \/>\n\t<meta property=\"og:image:width\" content=\"1200\" \/>\n\t<meta property=\"og:image:height\" content=\"600\" \/>\n\t<meta property=\"og:image:type\" content=\"image\/jpeg\" \/>\n<meta name=\"author\" content=\"Fredrik Lundkvist\" \/>\n<script type=\"application\/ld+json\" class=\"yoast-schema-graph\">{\"@context\":\"https:\\\/\\\/schema.org\",\"@graph\":[{\"@type\":\"Article\",\"@id\":\"https:\\\/\\\/www.emvico.se\\\/articles\\\/vad-ar-en-professionell-utvecklare\\\/#article\",\"isPartOf\":{\"@id\":\"https:\\\/\\\/www.emvico.se\\\/articles\\\/vad-ar-en-professionell-utvecklare\\\/\"},\"author\":{\"name\":\"Fredrik Lundkvist\",\"@id\":\"https:\\\/\\\/www.emvico.se\\\/#\\\/schema\\\/person\\\/24f05ab6e0043f8e52b7403a6fb1838d\"},\"headline\":\"Vad \u00e4r en professionell utvecklare?\",\"datePublished\":\"2024-07-18T12:09:16+00:00\",\"dateModified\":\"2024-11-14T12:10:20+00:00\",\"mainEntityOfPage\":{\"@id\":\"https:\\\/\\\/www.emvico.se\\\/articles\\\/vad-ar-en-professionell-utvecklare\\\/\"},\"wordCount\":178,\"publisher\":{\"@id\":\"https:\\\/\\\/www.emvico.se\\\/#organization\"},\"image\":{\"@id\":\"https:\\\/\\\/www.emvico.se\\\/articles\\\/vad-ar-en-professionell-utvecklare\\\/#primaryimage\"},\"thumbnailUrl\":\"https:\\\/\\\/www.emvico.se\\\/wp-content\\\/uploads\\\/2024\\\/11\\\/article_two_people.jpg\",\"articleSection\":[\"Articles\"],\"inLanguage\":\"en-US\"},{\"@type\":\"WebPage\",\"@id\":\"https:\\\/\\\/www.emvico.se\\\/articles\\\/vad-ar-en-professionell-utvecklare\\\/\",\"url\":\"https:\\\/\\\/www.emvico.se\\\/articles\\\/vad-ar-en-professionell-utvecklare\\\/\",\"name\":\"Vad k\u00e4nnetecknar en professionell utvecklare i dagens IT-bransch?\",\"isPartOf\":{\"@id\":\"https:\\\/\\\/www.emvico.se\\\/#website\"},\"primaryImageOfPage\":{\"@id\":\"https:\\\/\\\/www.emvico.se\\\/articles\\\/vad-ar-en-professionell-utvecklare\\\/#primaryimage\"},\"image\":{\"@id\":\"https:\\\/\\\/www.emvico.se\\\/articles\\\/vad-ar-en-professionell-utvecklare\\\/#primaryimage\"},\"thumbnailUrl\":\"https:\\\/\\\/www.emvico.se\\\/wp-content\\\/uploads\\\/2024\\\/11\\\/article_two_people.jpg\",\"datePublished\":\"2024-07-18T12:09:16+00:00\",\"dateModified\":\"2024-11-14T12:10:20+00:00\",\"description\":\"En professionell utvecklare balanserar kvalitet, tid och budget. L\u00e4s om de f\u00e4rdigheter som g\u00f6r en utvecklare till en sann expert.\",\"breadcrumb\":{\"@id\":\"https:\\\/\\\/www.emvico.se\\\/articles\\\/vad-ar-en-professionell-utvecklare\\\/#breadcrumb\"},\"inLanguage\":\"en-US\",\"potentialAction\":[{\"@type\":\"ReadAction\",\"target\":[\"https:\\\/\\\/www.emvico.se\\\/articles\\\/vad-ar-en-professionell-utvecklare\\\/\"]}]},{\"@type\":\"ImageObject\",\"inLanguage\":\"en-US\",\"@id\":\"https:\\\/\\\/www.emvico.se\\\/articles\\\/vad-ar-en-professionell-utvecklare\\\/#primaryimage\",\"url\":\"https:\\\/\\\/www.emvico.se\\\/wp-content\\\/uploads\\\/2024\\\/11\\\/article_two_people.jpg\",\"contentUrl\":\"https:\\\/\\\/www.emvico.se\\\/wp-content\\\/uploads\\\/2024\\\/11\\\/article_two_people.jpg\",\"width\":1200,\"height\":600,\"caption\":\"Two people in front of a computer\"},{\"@type\":\"BreadcrumbList\",\"@id\":\"https:\\\/\\\/www.emvico.se\\\/articles\\\/vad-ar-en-professionell-utvecklare\\\/#breadcrumb\",\"itemListElement\":[{\"@type\":\"ListItem\",\"position\":1,\"name\":\"Home\",\"item\":\"https:\\\/\\\/www.emvico.se\\\/\"},{\"@type\":\"ListItem\",\"position\":2,\"name\":\"Vad \u00e4r en professionell utvecklare?\"}]},{\"@type\":\"WebSite\",\"@id\":\"https:\\\/\\\/www.emvico.se\\\/#website\",\"url\":\"https:\\\/\\\/www.emvico.se\\\/\",\"name\":\"Emvico.se\",\"description\":\"When it is important\",\"publisher\":{\"@id\":\"https:\\\/\\\/www.emvico.se\\\/#organization\"},\"alternateName\":\"Emvico\",\"potentialAction\":[{\"@type\":\"SearchAction\",\"target\":{\"@type\":\"EntryPoint\",\"urlTemplate\":\"https:\\\/\\\/www.emvico.se\\\/?s={search_term_string}\"},\"query-input\":{\"@type\":\"PropertyValueSpecification\",\"valueRequired\":true,\"valueName\":\"search_term_string\"}}],\"inLanguage\":\"en-US\"},{\"@type\":\"Organization\",\"@id\":\"https:\\\/\\\/www.emvico.se\\\/#organization\",\"name\":\"Emvico AB\",\"alternateName\":\"Emvico\",\"url\":\"https:\\\/\\\/www.emvico.se\\\/\",\"logo\":{\"@type\":\"ImageObject\",\"inLanguage\":\"en-US\",\"@id\":\"https:\\\/\\\/www.emvico.se\\\/#\\\/schema\\\/logo\\\/image\\\/\",\"url\":\"https:\\\/\\\/www.emvico.se\\\/wp-content\\\/uploads\\\/2024\\\/05\\\/emvico_logo_black.svg\",\"contentUrl\":\"https:\\\/\\\/www.emvico.se\\\/wp-content\\\/uploads\\\/2024\\\/05\\\/emvico_logo_black.svg\",\"width\":200,\"height\":48,\"caption\":\"Emvico AB\"},\"image\":{\"@id\":\"https:\\\/\\\/www.emvico.se\\\/#\\\/schema\\\/logo\\\/image\\\/\"},\"sameAs\":[\"https:\\\/\\\/www.linkedin.com\\\/company\\\/emvico-ab\\\/\"]},{\"@type\":\"Person\",\"@id\":\"https:\\\/\\\/www.emvico.se\\\/#\\\/schema\\\/person\\\/24f05ab6e0043f8e52b7403a6fb1838d\",\"name\":\"Fredrik Lundkvist\",\"image\":{\"@type\":\"ImageObject\",\"inLanguage\":\"en-US\",\"@id\":\"https:\\\/\\\/secure.gravatar.com\\\/avatar\\\/b2d86033cd906b4e9ec56bd739f24c4c71650a88561cbff7e8a69fba5ff8f688?s=96&d=mm&r=g\",\"url\":\"https:\\\/\\\/secure.gravatar.com\\\/avatar\\\/b2d86033cd906b4e9ec56bd739f24c4c71650a88561cbff7e8a69fba5ff8f688?s=96&d=mm&r=g\",\"contentUrl\":\"https:\\\/\\\/secure.gravatar.com\\\/avatar\\\/b2d86033cd906b4e9ec56bd739f24c4c71650a88561cbff7e8a69fba5ff8f688?s=96&d=mm&r=g\",\"caption\":\"Fredrik Lundkvist\"},\"url\":\"https:\\\/\\\/www.emvico.se\\\/en\\\/author\\\/fredriklu\\\/\"}]}<\/script>\n<!-- \/ Yoast SEO plugin. -->","yoast_head_json":{"title":"Vad k\u00e4nnetecknar en professionell utvecklare i dagens IT-bransch?","description":"En professionell utvecklare balanserar kvalitet, tid och budget. L\u00e4s om de f\u00e4rdigheter som g\u00f6r en utvecklare till en sann expert.","robots":{"index":"index","follow":"follow","max-snippet":"max-snippet:-1","max-image-preview":"max-image-preview:large","max-video-preview":"max-video-preview:-1"},"canonical":"https:\/\/www.emvico.se\/en\/articles\/vad-ar-en-professionell-utvecklare\/","og_locale":"en_US","og_type":"article","og_title":"Vad k\u00e4nnetecknar en professionell utvecklare i dagens IT-bransch?","og_description":"En professionell utvecklare balanserar kvalitet, tid och budget. L\u00e4s om de f\u00e4rdigheter som g\u00f6r en utvecklare till en sann expert.","og_url":"https:\/\/www.emvico.se\/en\/articles\/vad-ar-en-professionell-utvecklare\/","article_published_time":"2024-07-18T12:09:16+00:00","article_modified_time":"2024-11-14T12:10:20+00:00","og_image":[{"width":1200,"height":600,"url":"https:\/\/www.emvico.se\/wp-content\/uploads\/2024\/11\/article_two_people.jpg","type":"image\/jpeg"}],"author":"Fredrik Lundkvist","schema":{"@context":"https:\/\/schema.org","@graph":[{"@type":"Article","@id":"https:\/\/www.emvico.se\/articles\/vad-ar-en-professionell-utvecklare\/#article","isPartOf":{"@id":"https:\/\/www.emvico.se\/articles\/vad-ar-en-professionell-utvecklare\/"},"author":{"name":"Fredrik Lundkvist","@id":"https:\/\/www.emvico.se\/#\/schema\/person\/24f05ab6e0043f8e52b7403a6fb1838d"},"headline":"Vad \u00e4r en professionell utvecklare?","datePublished":"2024-07-18T12:09:16+00:00","dateModified":"2024-11-14T12:10:20+00:00","mainEntityOfPage":{"@id":"https:\/\/www.emvico.se\/articles\/vad-ar-en-professionell-utvecklare\/"},"wordCount":178,"publisher":{"@id":"https:\/\/www.emvico.se\/#organization"},"image":{"@id":"https:\/\/www.emvico.se\/articles\/vad-ar-en-professionell-utvecklare\/#primaryimage"},"thumbnailUrl":"https:\/\/www.emvico.se\/wp-content\/uploads\/2024\/11\/article_two_people.jpg","articleSection":["Articles"],"inLanguage":"en-US"},{"@type":"WebPage","@id":"https:\/\/www.emvico.se\/articles\/vad-ar-en-professionell-utvecklare\/","url":"https:\/\/www.emvico.se\/articles\/vad-ar-en-professionell-utvecklare\/","name":"Vad k\u00e4nnetecknar en professionell utvecklare i dagens IT-bransch?","isPartOf":{"@id":"https:\/\/www.emvico.se\/#website"},"primaryImageOfPage":{"@id":"https:\/\/www.emvico.se\/articles\/vad-ar-en-professionell-utvecklare\/#primaryimage"},"image":{"@id":"https:\/\/www.emvico.se\/articles\/vad-ar-en-professionell-utvecklare\/#primaryimage"},"thumbnailUrl":"https:\/\/www.emvico.se\/wp-content\/uploads\/2024\/11\/article_two_people.jpg","datePublished":"2024-07-18T12:09:16+00:00","dateModified":"2024-11-14T12:10:20+00:00","description":"En professionell utvecklare balanserar kvalitet, tid och budget. L\u00e4s om de f\u00e4rdigheter som g\u00f6r en utvecklare till en sann expert.","breadcrumb":{"@id":"https:\/\/www.emvico.se\/articles\/vad-ar-en-professionell-utvecklare\/#breadcrumb"},"inLanguage":"en-US","potentialAction":[{"@type":"ReadAction","target":["https:\/\/www.emvico.se\/articles\/vad-ar-en-professionell-utvecklare\/"]}]},{"@type":"ImageObject","inLanguage":"en-US","@id":"https:\/\/www.emvico.se\/articles\/vad-ar-en-professionell-utvecklare\/#primaryimage","url":"https:\/\/www.emvico.se\/wp-content\/uploads\/2024\/11\/article_two_people.jpg","contentUrl":"https:\/\/www.emvico.se\/wp-content\/uploads\/2024\/11\/article_two_people.jpg","width":1200,"height":600,"caption":"Two people in front of a computer"},{"@type":"BreadcrumbList","@id":"https:\/\/www.emvico.se\/articles\/vad-ar-en-professionell-utvecklare\/#breadcrumb","itemListElement":[{"@type":"ListItem","position":1,"name":"Home","item":"https:\/\/www.emvico.se\/"},{"@type":"ListItem","position":2,"name":"Vad \u00e4r en professionell utvecklare?"}]},{"@type":"WebSite","@id":"https:\/\/www.emvico.se\/#website","url":"https:\/\/www.emvico.se\/","name":"Emvico.se","description":"When it is important","publisher":{"@id":"https:\/\/www.emvico.se\/#organization"},"alternateName":"Emvico","potentialAction":[{"@type":"SearchAction","target":{"@type":"EntryPoint","urlTemplate":"https:\/\/www.emvico.se\/?s={search_term_string}"},"query-input":{"@type":"PropertyValueSpecification","valueRequired":true,"valueName":"search_term_string"}}],"inLanguage":"en-US"},{"@type":"Organization","@id":"https:\/\/www.emvico.se\/#organization","name":"Emvico AB","alternateName":"Emvico","url":"https:\/\/www.emvico.se\/","logo":{"@type":"ImageObject","inLanguage":"en-US","@id":"https:\/\/www.emvico.se\/#\/schema\/logo\/image\/","url":"https:\/\/www.emvico.se\/wp-content\/uploads\/2024\/05\/emvico_logo_black.svg","contentUrl":"https:\/\/www.emvico.se\/wp-content\/uploads\/2024\/05\/emvico_logo_black.svg","width":200,"height":48,"caption":"Emvico AB"},"image":{"@id":"https:\/\/www.emvico.se\/#\/schema\/logo\/image\/"},"sameAs":["https:\/\/www.linkedin.com\/company\/emvico-ab\/"]},{"@type":"Person","@id":"https:\/\/www.emvico.se\/#\/schema\/person\/24f05ab6e0043f8e52b7403a6fb1838d","name":"Fredrik Lundkvist","image":{"@type":"ImageObject","inLanguage":"en-US","@id":"https:\/\/secure.gravatar.com\/avatar\/b2d86033cd906b4e9ec56bd739f24c4c71650a88561cbff7e8a69fba5ff8f688?s=96&d=mm&r=g","url":"https:\/\/secure.gravatar.com\/avatar\/b2d86033cd906b4e9ec56bd739f24c4c71650a88561cbff7e8a69fba5ff8f688?s=96&d=mm&r=g","contentUrl":"https:\/\/secure.gravatar.com\/avatar\/b2d86033cd906b4e9ec56bd739f24c4c71650a88561cbff7e8a69fba5ff8f688?s=96&d=mm&r=g","caption":"Fredrik Lundkvist"},"url":"https:\/\/www.emvico.se\/en\/author\/fredriklu\/"}]}},"_links":{"self":[{"href":"https:\/\/www.emvico.se\/en\/wp-json\/wp\/v2\/posts\/6012","targetHints":{"allow":["GET"]}}],"collection":[{"href":"https:\/\/www.emvico.se\/en\/wp-json\/wp\/v2\/posts"}],"about":[{"href":"https:\/\/www.emvico.se\/en\/wp-json\/wp\/v2\/types\/post"}],"author":[{"embeddable":true,"href":"https:\/\/www.emvico.se\/en\/wp-json\/wp\/v2\/users\/3"}],"replies":[{"embeddable":true,"href":"https:\/\/www.emvico.se\/en\/wp-json\/wp\/v2\/comments?post=6012"}],"version-history":[{"count":3,"href":"https:\/\/www.emvico.se\/en\/wp-json\/wp\/v2\/posts\/6012\/revisions"}],"predecessor-version":[{"id":6017,"href":"https:\/\/www.emvico.se\/en\/wp-json\/wp\/v2\/posts\/6012\/revisions\/6017"}],"wp:featuredmedia":[{"embeddable":true,"href":"https:\/\/www.emvico.se\/en\/wp-json\/wp\/v2\/media\/6015"}],"wp:attachment":[{"href":"https:\/\/www.emvico.se\/en\/wp-json\/wp\/v2\/media?parent=6012"}],"wp:term":[{"taxonomy":"category","embeddable":true,"href":"https:\/\/www.emvico.se\/en\/wp-json\/wp\/v2\/categories?post=6012"},{"taxonomy":"post_tag","embeddable":true,"href":"https:\/\/www.emvico.se\/en\/wp-json\/wp\/v2\/tags?post=6012"}],"curies":[{"name":"wp","href":"https:\/\/api.w.org\/{rel}","templated":true}]}}