{"id":6763,"date":"2025-05-12T10:28:46","date_gmt":"2025-05-12T09:28:46","guid":{"rendered":"https:\/\/www.emvico.se\/?p=6763"},"modified":"2025-05-12T10:28:47","modified_gmt":"2025-05-12T09:28:47","slug":"emvico-firade-10-ar-stort-tack-till-alla-som-var-med","status":"publish","type":"post","link":"https:\/\/www.emvico.se\/en\/news\/emvico-firade-10-ar-stort-tack-till-alla-som-var-med\/","title":{"rendered":"Emvico celebrated 10 years \u2013 big thanks to everyone who participated!"},"content":{"rendered":"<p>Last Thursday we gathered to celebrate our 10th anniversary \u2013 a milestone that we are incredibly proud of. The venue for the celebration was Teaterb\u00e5ten at Skeppsbron in Stockholm, and the evening offered lectures, a good atmosphere and above all \u2013 fantastic company.<\/p>\n\n\n\n<p>Over 100 guests attended the celebration, which included live music with Jocke &amp; Tobbe, mingling, good food and drinks \u2013 and not least two highly appreciated presentations by Anders Hansen and Anders J Larsson.<\/p>\n\n\n\n<p>Looking back on these ten years fills us with both pride and humility. The journey has been eventful, educational and filled with meetings with fantastic people. We are grateful for all the collaborations, trust and relationships that have been built over the years \u2013 and for having been able to share the evening with so many of you who have been a part of it.<\/p>\n\n\n\n<p>A big thank you to everyone who came to celebrate with us and to everyone who has helped shape our journey in different ways. We look forward to what the future has to offer!<\/p>\n\n\n\n<figure class=\"wp-block-gallery has-nested-images columns-default is-cropped wp-block-gallery-1 is-layout-flex wp-block-gallery-is-layout-flex\">\n<figure class=\"wp-block-image size-large\"><img loading=\"lazy\" decoding=\"async\" width=\"1024\" height=\"576\" data-id=\"6789\" src=\"https:\/\/www.emvico.se\/wp-content\/uploads\/2025\/05\/20250508_163153-1024x576.jpg\" alt=\"\" class=\"wp-image-6789\" srcset=\"https:\/\/www.emvico.se\/wp-content\/uploads\/2025\/05\/20250508_163153-980x551.jpg 980w, https:\/\/www.emvico.se\/wp-content\/uploads\/2025\/05\/20250508_163153-480x270.jpg 480w\" sizes=\"(min-width: 0px) and (max-width: 480px) 480px, (min-width: 481px) and (max-width: 980px) 980px, (min-width: 981px) 1024px, 100vw\" \/><\/figure>\n\n\n\n<figure class=\"wp-block-image size-large\"><img loading=\"lazy\" decoding=\"async\" width=\"1024\" height=\"576\" data-id=\"6787\" src=\"https:\/\/www.emvico.se\/wp-content\/uploads\/2025\/05\/20250508_170419-1024x576.jpg\" alt=\"\" class=\"wp-image-6787\" srcset=\"https:\/\/www.emvico.se\/wp-content\/uploads\/2025\/05\/20250508_170419-980x551.jpg 980w, https:\/\/www.emvico.se\/wp-content\/uploads\/2025\/05\/20250508_170419-480x270.jpg 480w\" sizes=\"(min-width: 0px) and (max-width: 480px) 480px, (min-width: 481px) and (max-width: 980px) 980px, (min-width: 981px) 1024px, 100vw\" \/><\/figure>\n\n\n\n<figure class=\"wp-block-image size-large\"><img loading=\"lazy\" decoding=\"async\" width=\"1024\" height=\"576\" data-id=\"6786\" src=\"https:\/\/www.emvico.se\/wp-content\/uploads\/2025\/05\/20250508_175142-1024x576.jpg\" alt=\"\" class=\"wp-image-6786\" srcset=\"https:\/\/www.emvico.se\/wp-content\/uploads\/2025\/05\/20250508_175142-980x551.jpg 980w, https:\/\/www.emvico.se\/wp-content\/uploads\/2025\/05\/20250508_175142-480x270.jpg 480w\" sizes=\"(min-width: 0px) and (max-width: 480px) 480px, (min-width: 481px) and (max-width: 980px) 980px, (min-width: 981px) 1024px, 100vw\" \/><\/figure>\n\n\n\n<figure class=\"wp-block-image size-large\"><img loading=\"lazy\" decoding=\"async\" width=\"1024\" height=\"576\" data-id=\"6783\" src=\"https:\/\/www.emvico.se\/wp-content\/uploads\/2025\/05\/20250508_181237-1024x576.jpg\" alt=\"\" class=\"wp-image-6783\" srcset=\"https:\/\/www.emvico.se\/wp-content\/uploads\/2025\/05\/20250508_181237-980x551.jpg 980w, https:\/\/www.emvico.se\/wp-content\/uploads\/2025\/05\/20250508_181237-480x270.jpg 480w\" sizes=\"(min-width: 0px) and (max-width: 480px) 480px, (min-width: 481px) and (max-width: 980px) 980px, (min-width: 981px) 1024px, 100vw\" \/><\/figure>\n\n\n\n<figure class=\"wp-block-image size-large\"><img loading=\"lazy\" decoding=\"async\" width=\"1024\" height=\"768\" data-id=\"6778\" src=\"https:\/\/www.emvico.se\/wp-content\/uploads\/2025\/05\/IMG_5185-1024x768.jpg\" alt=\"\" class=\"wp-image-6778\" srcset=\"https:\/\/www.emvico.se\/wp-content\/uploads\/2025\/05\/IMG_5185-980x735.jpg 980w, https:\/\/www.emvico.se\/wp-content\/uploads\/2025\/05\/IMG_5185-480x360.jpg 480w\" sizes=\"(min-width: 0px) and (max-width: 480px) 480px, (min-width: 481px) and (max-width: 980px) 980px, (min-width: 981px) 1024px, 100vw\" \/><\/figure>\n\n\n\n<figure class=\"wp-block-image size-large\"><img loading=\"lazy\" decoding=\"async\" width=\"768\" height=\"1024\" data-id=\"6776\" src=\"https:\/\/www.emvico.se\/wp-content\/uploads\/2025\/05\/IMG_5175-768x1024.jpg\" alt=\"\" class=\"wp-image-6776\" srcset=\"https:\/\/www.emvico.se\/wp-content\/uploads\/2025\/05\/IMG_5175-768x1024.jpg 768w, https:\/\/www.emvico.se\/wp-content\/uploads\/2025\/05\/IMG_5175-480x640.jpg 480w\" sizes=\"(min-width: 0px) and (max-width: 480px) 480px, (min-width: 481px) 768px, 100vw\" \/><\/figure>\n\n\n\n<figure class=\"wp-block-image size-large\"><img loading=\"lazy\" decoding=\"async\" width=\"1024\" height=\"768\" data-id=\"6774\" src=\"https:\/\/www.emvico.se\/wp-content\/uploads\/2025\/05\/IMG_5160-1024x768.jpg\" alt=\"\" class=\"wp-image-6774\" srcset=\"https:\/\/www.emvico.se\/wp-content\/uploads\/2025\/05\/IMG_5160-980x735.jpg 980w, https:\/\/www.emvico.se\/wp-content\/uploads\/2025\/05\/IMG_5160-480x360.jpg 480w\" sizes=\"(min-width: 0px) and (max-width: 480px) 480px, (min-width: 481px) and (max-width: 980px) 980px, (min-width: 981px) 1024px, 100vw\" \/><\/figure>\n\n\n\n<figure class=\"wp-block-image size-large\"><img loading=\"lazy\" decoding=\"async\" width=\"1024\" height=\"768\" data-id=\"6772\" src=\"https:\/\/www.emvico.se\/wp-content\/uploads\/2025\/05\/IMG_5155-1024x768.jpg\" alt=\"\" class=\"wp-image-6772\" srcset=\"https:\/\/www.emvico.se\/wp-content\/uploads\/2025\/05\/IMG_5155-980x735.jpg 980w, https:\/\/www.emvico.se\/wp-content\/uploads\/2025\/05\/IMG_5155-480x360.jpg 480w\" sizes=\"(min-width: 0px) and (max-width: 480px) 480px, (min-width: 481px) and (max-width: 980px) 980px, (min-width: 981px) 1024px, 100vw\" \/><\/figure>\n\n\n\n<figure class=\"wp-block-image size-large\"><img loading=\"lazy\" decoding=\"async\" width=\"768\" height=\"1024\" data-id=\"6769\" src=\"https:\/\/www.emvico.se\/wp-content\/uploads\/2025\/05\/IMG_5157-768x1024.jpg\" alt=\"\" class=\"wp-image-6769\" srcset=\"https:\/\/www.emvico.se\/wp-content\/uploads\/2025\/05\/IMG_5157-768x1024.jpg 768w, https:\/\/www.emvico.se\/wp-content\/uploads\/2025\/05\/IMG_5157-480x640.jpg 480w\" sizes=\"(min-width: 0px) and (max-width: 480px) 480px, (min-width: 481px) 768px, 100vw\" \/><\/figure>\n\n\n\n<figure class=\"wp-block-image size-large\"><img loading=\"lazy\" decoding=\"async\" width=\"1024\" height=\"768\" data-id=\"6768\" src=\"https:\/\/www.emvico.se\/wp-content\/uploads\/2025\/05\/IMG_5162-1024x768.jpg\" alt=\"\" class=\"wp-image-6768\" srcset=\"https:\/\/www.emvico.se\/wp-content\/uploads\/2025\/05\/IMG_5162-980x735.jpg 980w, https:\/\/www.emvico.se\/wp-content\/uploads\/2025\/05\/IMG_5162-480x360.jpg 480w\" sizes=\"(min-width: 0px) and (max-width: 480px) 480px, (min-width: 481px) and (max-width: 980px) 980px, (min-width: 981px) 1024px, 100vw\" \/><\/figure>\n\n\n\n<figure class=\"wp-block-image size-large\"><img loading=\"lazy\" decoding=\"async\" width=\"768\" height=\"1024\" data-id=\"6767\" src=\"https:\/\/www.emvico.se\/wp-content\/uploads\/2025\/05\/IMG_5144-768x1024.jpg\" alt=\"\" class=\"wp-image-6767\" srcset=\"https:\/\/www.emvico.se\/wp-content\/uploads\/2025\/05\/IMG_5144-768x1024.jpg 768w, https:\/\/www.emvico.se\/wp-content\/uploads\/2025\/05\/IMG_5144-480x640.jpg 480w\" sizes=\"(min-width: 0px) and (max-width: 480px) 480px, (min-width: 481px) 768px, 100vw\" \/><\/figure>\n\n\n\n<figure class=\"wp-block-image size-large\"><img loading=\"lazy\" decoding=\"async\" width=\"1024\" height=\"576\" data-id=\"6781\" src=\"https:\/\/www.emvico.se\/wp-content\/uploads\/2025\/05\/20250508_194728-1024x576.jpg\" alt=\"\" class=\"wp-image-6781\" srcset=\"https:\/\/www.emvico.se\/wp-content\/uploads\/2025\/05\/20250508_194728-980x551.jpg 980w, https:\/\/www.emvico.se\/wp-content\/uploads\/2025\/05\/20250508_194728-480x270.jpg 480w\" sizes=\"(min-width: 0px) and (max-width: 480px) 480px, (min-width: 481px) and (max-width: 980px) 980px, (min-width: 981px) 1024px, 100vw\" \/><\/figure>\n<\/figure>","protected":false},"excerpt":{"rendered":"<p>I torsdags samlades vi f\u00f6r att fira v\u00e5rt 10-\u00e5rsjubileum \u2013 en milstolpe som vi \u00e4r otroligt stolta \u00f6ver. Platsen f\u00f6r firandet var Teaterb\u00e5ten vid Skeppsbron i Stockholm, och kv\u00e4llen bj\u00f6d p\u00e5 f\u00f6rel\u00e4sningar, god st\u00e4mning och framf\u00f6r allt \u2013 fantastiskt s\u00e4llskap. \u00d6ver 100 g\u00e4ster deltog i firandet, som inneh\u00f6ll livemusik med Jocke &amp; Tobbe, mingel, god [&hellip;]<\/p>\n","protected":false},"author":2,"featured_media":6779,"comment_status":"closed","ping_status":"closed","sticky":false,"template":"","format":"standard","meta":{"_et_pb_use_builder":"","_et_pb_old_content":"","_et_gb_content_width":"","inline_featured_image":false,"footnotes":""},"categories":[9],"tags":[],"class_list":["post-6763","post","type-post","status-publish","format-standard","has-post-thumbnail","hentry","category-news"],"yoast_head":"<!-- This site is optimized with the Yoast SEO plugin v27.3 - https:\/\/yoast.com\/product\/yoast-seo-wordpress\/ -->\n<title>Emvico Celebrates 10 Years with Guests and Inspiration<\/title>\n<meta name=\"description\" content=\"Emvico marked 10 years with 100+ guests, live music, inspiring talks by Anders Hansen and Anders J Larsson, and heartfelt gratitude.\" \/>\n<meta name=\"robots\" content=\"index, follow, max-snippet:-1, max-image-preview:large, max-video-preview:-1\" \/>\n<link rel=\"canonical\" href=\"https:\/\/www.emvico.se\/en\/news\/emvico-firade-10-ar-stort-tack-till-alla-som-var-med\/\" \/>\n<meta property=\"og:locale\" content=\"en_US\" \/>\n<meta property=\"og:type\" content=\"article\" \/>\n<meta property=\"og:title\" content=\"Emvico Celebrates 10 Years with Guests and Inspiration\" \/>\n<meta property=\"og:description\" content=\"Emvico marked 10 years with 100+ guests, live music, inspiring talks by Anders Hansen and Anders J Larsson, and heartfelt gratitude.\" \/>\n<meta property=\"og:url\" content=\"https:\/\/www.emvico.se\/en\/news\/emvico-firade-10-ar-stort-tack-till-alla-som-var-med\/\" \/>\n<meta property=\"article:published_time\" content=\"2025-05-12T09:28:46+00:00\" \/>\n<meta property=\"article:modified_time\" content=\"2025-05-12T09:28:47+00:00\" \/>\n<meta property=\"og:image\" content=\"https:\/\/www.emvico.se\/wp-content\/uploads\/2025\/05\/20250508_201219.jpg\" \/>\n\t<meta property=\"og:image:width\" content=\"1920\" \/>\n\t<meta property=\"og:image:height\" content=\"1080\" \/>\n\t<meta property=\"og:image:type\" content=\"image\/jpeg\" \/>\n<meta name=\"author\" content=\"Krister Nielsen\" \/>\n<script type=\"application\/ld+json\" class=\"yoast-schema-graph\">{\"@context\":\"https:\\\/\\\/schema.org\",\"@graph\":[{\"@type\":\"Article\",\"@id\":\"https:\\\/\\\/www.emvico.se\\\/news\\\/emvico-firade-10-ar-stort-tack-till-alla-som-var-med\\\/#article\",\"isPartOf\":{\"@id\":\"https:\\\/\\\/www.emvico.se\\\/news\\\/emvico-firade-10-ar-stort-tack-till-alla-som-var-med\\\/\"},\"author\":{\"name\":\"Krister Nielsen\",\"@id\":\"https:\\\/\\\/www.emvico.se\\\/#\\\/schema\\\/person\\\/5f1c2f4e7e177d63243234ec9f2832b6\"},\"headline\":\"Emvico firade 10 \u00e5r \u2013 stort tack till alla som var med!\",\"datePublished\":\"2025-05-12T09:28:46+00:00\",\"dateModified\":\"2025-05-12T09:28:47+00:00\",\"mainEntityOfPage\":{\"@id\":\"https:\\\/\\\/www.emvico.se\\\/news\\\/emvico-firade-10-ar-stort-tack-till-alla-som-var-med\\\/\"},\"wordCount\":199,\"publisher\":{\"@id\":\"https:\\\/\\\/www.emvico.se\\\/#organization\"},\"image\":{\"@id\":\"https:\\\/\\\/www.emvico.se\\\/news\\\/emvico-firade-10-ar-stort-tack-till-alla-som-var-med\\\/#primaryimage\"},\"thumbnailUrl\":\"https:\\\/\\\/www.emvico.se\\\/wp-content\\\/uploads\\\/2025\\\/05\\\/20250508_201219.jpg\",\"articleSection\":[\"News\"],\"inLanguage\":\"en-US\"},{\"@type\":\"WebPage\",\"@id\":\"https:\\\/\\\/www.emvico.se\\\/news\\\/emvico-firade-10-ar-stort-tack-till-alla-som-var-med\\\/\",\"url\":\"https:\\\/\\\/www.emvico.se\\\/news\\\/emvico-firade-10-ar-stort-tack-till-alla-som-var-med\\\/\",\"name\":\"Emvico Celebrates 10 Years with Guests and Inspiration\",\"isPartOf\":{\"@id\":\"https:\\\/\\\/www.emvico.se\\\/#website\"},\"primaryImageOfPage\":{\"@id\":\"https:\\\/\\\/www.emvico.se\\\/news\\\/emvico-firade-10-ar-stort-tack-till-alla-som-var-med\\\/#primaryimage\"},\"image\":{\"@id\":\"https:\\\/\\\/www.emvico.se\\\/news\\\/emvico-firade-10-ar-stort-tack-till-alla-som-var-med\\\/#primaryimage\"},\"thumbnailUrl\":\"https:\\\/\\\/www.emvico.se\\\/wp-content\\\/uploads\\\/2025\\\/05\\\/20250508_201219.jpg\",\"datePublished\":\"2025-05-12T09:28:46+00:00\",\"dateModified\":\"2025-05-12T09:28:47+00:00\",\"description\":\"Emvico marked 10 years with 100+ guests, live music, inspiring talks by Anders Hansen and Anders J Larsson, and heartfelt gratitude.\",\"breadcrumb\":{\"@id\":\"https:\\\/\\\/www.emvico.se\\\/news\\\/emvico-firade-10-ar-stort-tack-till-alla-som-var-med\\\/#breadcrumb\"},\"inLanguage\":\"en-US\",\"potentialAction\":[{\"@type\":\"ReadAction\",\"target\":[\"https:\\\/\\\/www.emvico.se\\\/news\\\/emvico-firade-10-ar-stort-tack-till-alla-som-var-med\\\/\"]}]},{\"@type\":\"ImageObject\",\"inLanguage\":\"en-US\",\"@id\":\"https:\\\/\\\/www.emvico.se\\\/news\\\/emvico-firade-10-ar-stort-tack-till-alla-som-var-med\\\/#primaryimage\",\"url\":\"https:\\\/\\\/www.emvico.se\\\/wp-content\\\/uploads\\\/2025\\\/05\\\/20250508_201219.jpg\",\"contentUrl\":\"https:\\\/\\\/www.emvico.se\\\/wp-content\\\/uploads\\\/2025\\\/05\\\/20250508_201219.jpg\",\"width\":1920,\"height\":1080},{\"@type\":\"BreadcrumbList\",\"@id\":\"https:\\\/\\\/www.emvico.se\\\/news\\\/emvico-firade-10-ar-stort-tack-till-alla-som-var-med\\\/#breadcrumb\",\"itemListElement\":[{\"@type\":\"ListItem\",\"position\":1,\"name\":\"Home\",\"item\":\"https:\\\/\\\/www.emvico.se\\\/\"},{\"@type\":\"ListItem\",\"position\":2,\"name\":\"Emvico firade 10 \u00e5r \u2013 stort tack till alla som var med!\"}]},{\"@type\":\"WebSite\",\"@id\":\"https:\\\/\\\/www.emvico.se\\\/#website\",\"url\":\"https:\\\/\\\/www.emvico.se\\\/\",\"name\":\"Emvico.se\",\"description\":\"When it is important\",\"publisher\":{\"@id\":\"https:\\\/\\\/www.emvico.se\\\/#organization\"},\"alternateName\":\"Emvico\",\"potentialAction\":[{\"@type\":\"SearchAction\",\"target\":{\"@type\":\"EntryPoint\",\"urlTemplate\":\"https:\\\/\\\/www.emvico.se\\\/?s={search_term_string}\"},\"query-input\":{\"@type\":\"PropertyValueSpecification\",\"valueRequired\":true,\"valueName\":\"search_term_string\"}}],\"inLanguage\":\"en-US\"},{\"@type\":\"Organization\",\"@id\":\"https:\\\/\\\/www.emvico.se\\\/#organization\",\"name\":\"Emvico AB\",\"alternateName\":\"Emvico\",\"url\":\"https:\\\/\\\/www.emvico.se\\\/\",\"logo\":{\"@type\":\"ImageObject\",\"inLanguage\":\"en-US\",\"@id\":\"https:\\\/\\\/www.emvico.se\\\/#\\\/schema\\\/logo\\\/image\\\/\",\"url\":\"https:\\\/\\\/www.emvico.se\\\/wp-content\\\/uploads\\\/2024\\\/05\\\/emvico_logo_black.svg\",\"contentUrl\":\"https:\\\/\\\/www.emvico.se\\\/wp-content\\\/uploads\\\/2024\\\/05\\\/emvico_logo_black.svg\",\"width\":200,\"height\":48,\"caption\":\"Emvico AB\"},\"image\":{\"@id\":\"https:\\\/\\\/www.emvico.se\\\/#\\\/schema\\\/logo\\\/image\\\/\"},\"sameAs\":[\"https:\\\/\\\/www.linkedin.com\\\/company\\\/emvico-ab\\\/\"]},{\"@type\":\"Person\",\"@id\":\"https:\\\/\\\/www.emvico.se\\\/#\\\/schema\\\/person\\\/5f1c2f4e7e177d63243234ec9f2832b6\",\"name\":\"Krister Nielsen\",\"image\":{\"@type\":\"ImageObject\",\"inLanguage\":\"en-US\",\"@id\":\"https:\\\/\\\/secure.gravatar.com\\\/avatar\\\/38a201a1a7097e98bba092bea137bd0a18fc631af32ce20b3cf9a21187d4ede9?s=96&d=mm&r=g\",\"url\":\"https:\\\/\\\/secure.gravatar.com\\\/avatar\\\/38a201a1a7097e98bba092bea137bd0a18fc631af32ce20b3cf9a21187d4ede9?s=96&d=mm&r=g\",\"contentUrl\":\"https:\\\/\\\/secure.gravatar.com\\\/avatar\\\/38a201a1a7097e98bba092bea137bd0a18fc631af32ce20b3cf9a21187d4ede9?s=96&d=mm&r=g\",\"caption\":\"Krister Nielsen\"},\"url\":\"https:\\\/\\\/www.emvico.se\\\/en\\\/author\\\/kristerni\\\/\"}]}<\/script>\n<!-- \/ Yoast SEO plugin. -->","yoast_head_json":{"title":"Emvico Celebrates 10 Years with Guests and Inspiration","description":"Emvico marked 10 years with 100+ guests, live music, inspiring talks by Anders Hansen and Anders J Larsson, and heartfelt gratitude.","robots":{"index":"index","follow":"follow","max-snippet":"max-snippet:-1","max-image-preview":"max-image-preview:large","max-video-preview":"max-video-preview:-1"},"canonical":"https:\/\/www.emvico.se\/en\/news\/emvico-firade-10-ar-stort-tack-till-alla-som-var-med\/","og_locale":"en_US","og_type":"article","og_title":"Emvico Celebrates 10 Years with Guests and Inspiration","og_description":"Emvico marked 10 years with 100+ guests, live music, inspiring talks by Anders Hansen and Anders J Larsson, and heartfelt gratitude.","og_url":"https:\/\/www.emvico.se\/en\/news\/emvico-firade-10-ar-stort-tack-till-alla-som-var-med\/","article_published_time":"2025-05-12T09:28:46+00:00","article_modified_time":"2025-05-12T09:28:47+00:00","og_image":[{"width":1920,"height":1080,"url":"https:\/\/www.emvico.se\/wp-content\/uploads\/2025\/05\/20250508_201219.jpg","type":"image\/jpeg"}],"author":"Krister Nielsen","schema":{"@context":"https:\/\/schema.org","@graph":[{"@type":"Article","@id":"https:\/\/www.emvico.se\/news\/emvico-firade-10-ar-stort-tack-till-alla-som-var-med\/#article","isPartOf":{"@id":"https:\/\/www.emvico.se\/news\/emvico-firade-10-ar-stort-tack-till-alla-som-var-med\/"},"author":{"name":"Krister Nielsen","@id":"https:\/\/www.emvico.se\/#\/schema\/person\/5f1c2f4e7e177d63243234ec9f2832b6"},"headline":"Emvico firade 10 \u00e5r \u2013 stort tack till alla som var med!","datePublished":"2025-05-12T09:28:46+00:00","dateModified":"2025-05-12T09:28:47+00:00","mainEntityOfPage":{"@id":"https:\/\/www.emvico.se\/news\/emvico-firade-10-ar-stort-tack-till-alla-som-var-med\/"},"wordCount":199,"publisher":{"@id":"https:\/\/www.emvico.se\/#organization"},"image":{"@id":"https:\/\/www.emvico.se\/news\/emvico-firade-10-ar-stort-tack-till-alla-som-var-med\/#primaryimage"},"thumbnailUrl":"https:\/\/www.emvico.se\/wp-content\/uploads\/2025\/05\/20250508_201219.jpg","articleSection":["News"],"inLanguage":"en-US"},{"@type":"WebPage","@id":"https:\/\/www.emvico.se\/news\/emvico-firade-10-ar-stort-tack-till-alla-som-var-med\/","url":"https:\/\/www.emvico.se\/news\/emvico-firade-10-ar-stort-tack-till-alla-som-var-med\/","name":"Emvico Celebrates 10 Years with Guests and Inspiration","isPartOf":{"@id":"https:\/\/www.emvico.se\/#website"},"primaryImageOfPage":{"@id":"https:\/\/www.emvico.se\/news\/emvico-firade-10-ar-stort-tack-till-alla-som-var-med\/#primaryimage"},"image":{"@id":"https:\/\/www.emvico.se\/news\/emvico-firade-10-ar-stort-tack-till-alla-som-var-med\/#primaryimage"},"thumbnailUrl":"https:\/\/www.emvico.se\/wp-content\/uploads\/2025\/05\/20250508_201219.jpg","datePublished":"2025-05-12T09:28:46+00:00","dateModified":"2025-05-12T09:28:47+00:00","description":"Emvico marked 10 years with 100+ guests, live music, inspiring talks by Anders Hansen and Anders J Larsson, and heartfelt gratitude.","breadcrumb":{"@id":"https:\/\/www.emvico.se\/news\/emvico-firade-10-ar-stort-tack-till-alla-som-var-med\/#breadcrumb"},"inLanguage":"en-US","potentialAction":[{"@type":"ReadAction","target":["https:\/\/www.emvico.se\/news\/emvico-firade-10-ar-stort-tack-till-alla-som-var-med\/"]}]},{"@type":"ImageObject","inLanguage":"en-US","@id":"https:\/\/www.emvico.se\/news\/emvico-firade-10-ar-stort-tack-till-alla-som-var-med\/#primaryimage","url":"https:\/\/www.emvico.se\/wp-content\/uploads\/2025\/05\/20250508_201219.jpg","contentUrl":"https:\/\/www.emvico.se\/wp-content\/uploads\/2025\/05\/20250508_201219.jpg","width":1920,"height":1080},{"@type":"BreadcrumbList","@id":"https:\/\/www.emvico.se\/news\/emvico-firade-10-ar-stort-tack-till-alla-som-var-med\/#breadcrumb","itemListElement":[{"@type":"ListItem","position":1,"name":"Home","item":"https:\/\/www.emvico.se\/"},{"@type":"ListItem","position":2,"name":"Emvico firade 10 \u00e5r \u2013 stort tack till alla som var med!"}]},{"@type":"WebSite","@id":"https:\/\/www.emvico.se\/#website","url":"https:\/\/www.emvico.se\/","name":"Emvico.se","description":"When it is important","publisher":{"@id":"https:\/\/www.emvico.se\/#organization"},"alternateName":"Emvico","potentialAction":[{"@type":"SearchAction","target":{"@type":"EntryPoint","urlTemplate":"https:\/\/www.emvico.se\/?s={search_term_string}"},"query-input":{"@type":"PropertyValueSpecification","valueRequired":true,"valueName":"search_term_string"}}],"inLanguage":"en-US"},{"@type":"Organization","@id":"https:\/\/www.emvico.se\/#organization","name":"Emvico AB","alternateName":"Emvico","url":"https:\/\/www.emvico.se\/","logo":{"@type":"ImageObject","inLanguage":"en-US","@id":"https:\/\/www.emvico.se\/#\/schema\/logo\/image\/","url":"https:\/\/www.emvico.se\/wp-content\/uploads\/2024\/05\/emvico_logo_black.svg","contentUrl":"https:\/\/www.emvico.se\/wp-content\/uploads\/2024\/05\/emvico_logo_black.svg","width":200,"height":48,"caption":"Emvico AB"},"image":{"@id":"https:\/\/www.emvico.se\/#\/schema\/logo\/image\/"},"sameAs":["https:\/\/www.linkedin.com\/company\/emvico-ab\/"]},{"@type":"Person","@id":"https:\/\/www.emvico.se\/#\/schema\/person\/5f1c2f4e7e177d63243234ec9f2832b6","name":"Krister Nielsen","image":{"@type":"ImageObject","inLanguage":"en-US","@id":"https:\/\/secure.gravatar.com\/avatar\/38a201a1a7097e98bba092bea137bd0a18fc631af32ce20b3cf9a21187d4ede9?s=96&d=mm&r=g","url":"https:\/\/secure.gravatar.com\/avatar\/38a201a1a7097e98bba092bea137bd0a18fc631af32ce20b3cf9a21187d4ede9?s=96&d=mm&r=g","contentUrl":"https:\/\/secure.gravatar.com\/avatar\/38a201a1a7097e98bba092bea137bd0a18fc631af32ce20b3cf9a21187d4ede9?s=96&d=mm&r=g","caption":"Krister Nielsen"},"url":"https:\/\/www.emvico.se\/en\/author\/kristerni\/"}]}},"_links":{"self":[{"href":"https:\/\/www.emvico.se\/en\/wp-json\/wp\/v2\/posts\/6763","targetHints":{"allow":["GET"]}}],"collection":[{"href":"https:\/\/www.emvico.se\/en\/wp-json\/wp\/v2\/posts"}],"about":[{"href":"https:\/\/www.emvico.se\/en\/wp-json\/wp\/v2\/types\/post"}],"author":[{"embeddable":true,"href":"https:\/\/www.emvico.se\/en\/wp-json\/wp\/v2\/users\/2"}],"replies":[{"embeddable":true,"href":"https:\/\/www.emvico.se\/en\/wp-json\/wp\/v2\/comments?post=6763"}],"version-history":[{"count":4,"href":"https:\/\/www.emvico.se\/en\/wp-json\/wp\/v2\/posts\/6763\/revisions"}],"predecessor-version":[{"id":6795,"href":"https:\/\/www.emvico.se\/en\/wp-json\/wp\/v2\/posts\/6763\/revisions\/6795"}],"wp:featuredmedia":[{"embeddable":true,"href":"https:\/\/www.emvico.se\/en\/wp-json\/wp\/v2\/media\/6779"}],"wp:attachment":[{"href":"https:\/\/www.emvico.se\/en\/wp-json\/wp\/v2\/media?parent=6763"}],"wp:term":[{"taxonomy":"category","embeddable":true,"href":"https:\/\/www.emvico.se\/en\/wp-json\/wp\/v2\/categories?post=6763"},{"taxonomy":"post_tag","embeddable":true,"href":"https:\/\/www.emvico.se\/en\/wp-json\/wp\/v2\/tags?post=6763"}],"curies":[{"name":"wp","href":"https:\/\/api.w.org\/{rel}","templated":true}]}}